[{"@context":"https:\/\/schema.org\/","@type":"Article","@id":"https:\/\/www.dorton.cz\/alergie-posledni-dobou-mezi-lidmi-jen-kvete\/#Article","mainEntityOfPage":"https:\/\/www.dorton.cz\/alergie-posledni-dobou-mezi-lidmi-jen-kvete\/","headline":"Alergie posledn\u00ed dobou mezi lidmi jen kvete","name":"Alergie posledn\u00ed dobou mezi lidmi jen kvete","description":"Posledn\u00ed dobou se objevuj\u00ed \u010d\u00edm d\u00e1l t\u00edm v\u00edce alergici a to ji\u017e v\u00a0pom\u011brn\u011b mladistv\u00e9m v\u011bku. Nen\u00ed to ov\u0161em jen na rostliny, tr\u00e1vu, zv\u00ed\u0159ata, ale projevuje se citlivost na rozto\u010de, pl\u00edsn\u011b a dal\u0161\u00ed alergeny, se kter\u00fdmi jsme \u00fapln\u011b b\u011b\u017en\u011b obklopeni ka\u017ed\u00fd den. Bohu\u017eel p\u0159edev\u0161\u00edm ve sv\u00fdch [&hellip;]","datePublished":"2025-03-01","dateModified":"2023-04-30","author":{"@type":"Person","@id":"https:\/\/www.dorton.cz\/author\/#Person","name":"","url":"https:\/\/www.dorton.cz\/author\/","identifier":1,"image":{"@type":"ImageObject","@id":"https:\/\/secure.gravatar.com\/avatar\/06473a178d94fb830b46e277369729e9534f2612e261ec2f1ee96b672ef473e2?s=96&d=mm&r=g","url":"https:\/\/secure.gravatar.com\/avatar\/06473a178d94fb830b46e277369729e9534f2612e261ec2f1ee96b672ef473e2?s=96&d=mm&r=g","height":96,"width":96}},"publisher":{"@type":"Organization","name":"dorton.cz","logo":{"@type":"ImageObject","@id":"\/logo.png","url":"\/logo.png","width":600,"height":60}},"image":{"@type":"ImageObject","@id":"https:\/\/www.dorton.cz\/wp-content\/uploads\/img_a331772_w2540_t1544296893.jpg","url":"https:\/\/www.dorton.cz\/wp-content\/uploads\/img_a331772_w2540_t1544296893.jpg","height":0,"width":0},"url":"https:\/\/www.dorton.cz\/alergie-posledni-dobou-mezi-lidmi-jen-kvete\/","about":["Domov"],"wordCount":448,"articleBody":"Posledn\u00ed dobou se objevuj\u00ed \u010d\u00edm d\u00e1l t\u00edm v\u00edce alergici a to ji\u017e v\u00a0pom\u011brn\u011b mladistv\u00e9m v\u011bku. Nen\u00ed to ov\u0161em jen na rostliny, tr\u00e1vu, zv\u00ed\u0159ata, ale projevuje se citlivost na rozto\u010de, pl\u00edsn\u011b a dal\u0161\u00ed alergeny, se kter\u00fdmi jsme \u00fapln\u011b b\u011b\u017en\u011b obklopeni ka\u017ed\u00fd den. Bohu\u017eel p\u0159edev\u0161\u00edm ve sv\u00fdch domovech. Rozto\u010di dok\u00e1\u017eou p\u011bkn\u011b potr\u00e1pit. P\u0159edev\u0161\u00edm nejsou viditeln\u00ed pouh\u00fdm okem, tak\u017ee je to boj s\u00a0prakticky neviditeln\u00fdm drobn\u00fdm \u010dlenovcem. Oni jako samotn\u00ed zase a\u017e tak nebezpe\u010dn\u00ed nejsou, ale sp\u00ed\u0161 jejich sekrety a v\u00fdm\u011b\u0161ky, ve kter\u00fdch se vyskytuj\u00ed alergeny. Alergie se pak projev\u00ed podobn\u011b jako r\u00fdma, z\u00e1n\u011bt spojivek, pr\u016fdu\u0161ek, ale projev\u00ed se klidn\u011b i atopick\u00fd ekz\u00e9m.\tCesta jak jim zabr\u00e1nit bydlet v\u00a0na\u0161ich dom\u00e1cnostech\tTak na to \u00fapln\u011b n\u00e1vod neexistuje. Nem\u016f\u017eeme je \u00fapln\u011b odstranit z\u00a0na\u0161ich domov\u016f, co\u017e by bylo \u00fapln\u011b to nejlep\u0161\u00ed, ale alespo\u0148 m\u016f\u017eeme proti nim bojovat a udr\u017eovat na\u0161e spole\u010dn\u00e9 bydlen\u00ed v\u00a0\u00fanosn\u00e9 rovin\u011b. P\u0159edev\u0161\u00edm k\u00a0tomu p\u0159isp\u011bjeme spr\u00e1vnou volbou n\u00e1bytku, r\u016fzn\u00fdmi p\u0159\u00edstroji, kter\u00e9 budou bojovat za n\u00e1s a vytv\u00e1\u0159et protialergick\u00fd domov. Bez d\u016fkladn\u00e9ho \u00faklidu to nep\u016fjde. T\u00edm se ale i podstatn\u011b sn\u00ed\u017e\u00ed spot\u0159eba l\u00e9\u010div, kter\u00e9 mus\u00ed nemocn\u00fd \u010dlov\u011bk u\u017e\u00edvat.\t\tNa co se zam\u011b\u0159it p\u0159edev\u0161\u00edm:\t&#8211;\u00a0\u00a0\u00a0\u00a0\u00a0\u00a0\u00a0\u00a0\u00a0 Podlahy a povrchy by m\u011bly b\u00fdt hladk\u00e9 a nejl\u00e9pe z\u00a0p\u0159\u00edrodn\u00edho materi\u00e1lu. Sp\u00ed\u0161 je lep\u0161\u00ed dom\u00e1cnost bez koberc\u016f, a pokud p\u0159ece jenom n\u011bjak\u00e9 chceme, tak men\u0161\u00ed kusy, aby se daly snadno vyprat nebo vy\u010distit.\t&#8211;\u00a0\u00a0\u00a0\u00a0\u00a0\u00a0\u00a0\u00a0\u00a0 Matrace by m\u011bly b\u00fdt odoln\u00e9 v\u016f\u010di rozto\u010d\u016fm, nav\u00edc nejvhodn\u011bj\u0161\u00ed volbou jsou p\u0159\u00edrodn\u00ed materi\u00e1ly.\t&#8211;\u00a0\u00a0\u00a0\u00a0\u00a0\u00a0\u00a0\u00a0\u00a0 Ur\u010dit\u011b je lep\u0161\u00ed se vyhnout p\u0159edm\u011bt\u016fm, kter\u00e9 zachyt\u00e1vaj\u00ed prach.\t&#8211;\u00a0\u00a0\u00a0\u00a0\u00a0\u00a0\u00a0\u00a0\u00a0 \u00a0Nejsou vhodn\u00e9 ani p\u00e9\u0159ov\u00e9 pokr\u00fdvky nebo pol\u0161t\u00e1\u0159e.\t&#8211;\u00a0\u00a0\u00a0\u00a0\u00a0\u00a0\u00a0\u00a0\u00a0 L\u016f\u017ekoviny by se m\u011bly pravideln\u011b v\u011btrat, alespo\u0148 15 minut denn\u011b.\t&#8211;\u00a0\u00a0\u00a0\u00a0\u00a0\u00a0\u00a0\u00a0\u00a0 Pravideln\u00fd \u00faklid a st\u00edr\u00e1n\u00ed prachu je na m\u00edst\u011b.\t\tPrach\tBohu\u017eel ani doma se mu nijak neubr\u00e1n\u00edme. Dom\u00e1c\u00ed prach je v\u00a0podstat\u011b sm\u011bsice organick\u00fdch a anorganick\u00fdch slo\u017eek. Mohou obsahovat textiln\u00ed vl\u00e1kna, pl\u00edsn\u011b, pylov\u00e1 zrnka, \u0161upinky lidsk\u00e9 k\u016f\u017ee, hmyz a jeho v\u00fdkaly, rozto\u010de a jejich v\u00fdm\u011b\u0161ky a existuj\u00ed dal\u0161\u00ed mo\u017enosti. V\u00fdborn\u00e9 je po\u0159\u00eddit si \u010disti\u010dku vzduchu, kter\u00e1 bude bojovat spole\u010dn\u011b s\u00a0n\u00e1mi za hezk\u00fd, \u010dist\u00fd a bezprobl\u00e9mov\u00fd domov.                                                                                                                                                                                                                                                                                                                                                                                        4.6\/5 - (8 votes)        "},{"@context":"https:\/\/schema.org\/","@type":"BreadcrumbList","itemListElement":[{"@type":"ListItem","position":1,"name":"Alergie posledn\u00ed dobou mezi lidmi jen kvete","item":"https:\/\/www.dorton.cz\/alergie-posledni-dobou-mezi-lidmi-jen-kvete\/#breadcrumbitem"}]}]